{"id":4843,"date":"2022-03-25T09:48:40","date_gmt":"2022-03-25T08:48:40","guid":{"rendered":"https:\/\/pujante.com\/?p=4843"},"modified":"2022-03-25T09:49:21","modified_gmt":"2022-03-25T08:49:21","slug":"comite-comercial-pujante-marzo-2022","status":"publish","type":"post","link":"https:\/\/pujante.eliosoft.com\/en\/comite-comercial-pujante-marzo-2022\/","title":{"rendered":"Comit\u00e9 Comercial Pujante (Marzo de 2022)"},"content":{"rendered":"<p>Este jueves 24 de marzo de 2022, y como es habitual cada mes, hemos celebrado nuestro <strong>Comit\u00e9 Comercial<\/strong>. Y en esta ocasi\u00f3n ha sido un tanto diferente, pues nos hemos trasladado a las instalaciones de nuestros compa\u00f1eros de <strong>Avilesa<\/strong> para aprovechar al m\u00e1ximo la jornada.<\/p><p>Con ello, los miembros de nuestro comit\u00e9 han recibido una interesante formaci\u00f3n, as\u00ed como una visita a la f\u00e1brica de piensos, por parte de Salvador Escobar, director t\u00e9cnico de Avilesa.<\/p><p>Por otro lado, adentr\u00e1ndonos ya en resultados, pr\u00f3ximos objetivos y planes para acometerlos, nuestro \u00faltimo lanzamiento <em><strong>Or\u00edgenes Pujante <\/strong><\/em>ha sido el punto m\u00e1s importante del d\u00eda.<\/p><p>De gran importancia ha sido tambi\u00e9n la situaci\u00f3n postferia, tras nuestra participaci\u00f3n en la <strong>Meat Attraction 2022<\/strong>, que nos ha ofrecido interesantes oportunidades con colaboradores y clientes.<\/p><p>Para reponer fuerzas, en nuestro descanso de la comida hemos podido degustar nuestro pollo certificado Pujante y, tras ello, hemos continuado con la intensa jornada comercial.<\/p><p>Gracias equipo por vuestra implicaci\u00f3n y encomiable labor.<\/p><p>\u00a1A por todas! Continuamos avanzando.<\/p><div class=\"wp-block-image\"><figure class=\"alignleft size-full\"><img fetchpriority=\"high\" decoding=\"async\" width=\"1500\" height=\"1125\" src=\"https:\/\/pujante.com\/wp-content\/uploads\/equipo-comercial-pujante-1.jpg\" alt=\"\" class=\"wp-image-4852\" srcset=\"https:\/\/pujante.eliosoft.com\/wp-content\/uploads\/equipo-comercial-pujante-1.jpg 1500w, https:\/\/pujante.eliosoft.com\/wp-content\/uploads\/equipo-comercial-pujante-1-600x450.jpg 600w, https:\/\/pujante.eliosoft.com\/wp-content\/uploads\/equipo-comercial-pujante-1-768x576.jpg 768w\" sizes=\"(max-width: 1500px) 100vw, 1500px\" \/><\/figure><\/div>","protected":false},"excerpt":{"rendered":"<p>Este jueves 24 de marzo de 2022, y como es habitual cada mes, hemos celebrado nuestro Comit\u00e9 Comercial. Y en esta ocasi\u00f3n ha sido un tanto diferente, pues nos hemos trasladado a las instalaciones de nuestros compa\u00f1eros de Avilesa para aprovechar al m\u00e1ximo la jornada. Con ello, los miembros de nuestro comit\u00e9 han recibido una [&hellip;]<\/p>","protected":false},"author":3,"featured_media":4860,"comment_status":"open","ping_status":"open","sticky":false,"template":"","format":"standard","meta":{"_acf_changed":false,"footnotes":""},"categories":[43,45],"tags":[358],"class_list":["post-4843","post","type-post","status-publish","format-standard","has-post-thumbnail","hentry","category-noticias","category-pujante","tag-comite-comercial-marzo-2022"],"acf":[],"yoast_head":"<!-- This site is optimized with the Yoast SEO plugin v24.3 - https:\/\/yoast.com\/wordpress\/plugins\/seo\/ -->\n<title>Celebramos nuestro Comit\u00e9 Comercial (Marzo 2022)<\/title>\n<meta name=\"description\" content=\"Este jueves 24 de marzo, hemos celebrado nuestro Comit\u00e9 Comercial, y en esta ocasi\u00f3n nos hemos trasladado a las instalaciones de nuestros compa\u00f1eros de Avilesa para aprovechar al m\u00e1ximo la jornada.\" \/>\n<meta name=\"robots\" content=\"noindex, follow, max-snippet:-1, max-image-preview:large, max-video-preview:-1\" \/>\n<meta property=\"og:locale\" content=\"en_US\" \/>\n<meta property=\"og:type\" content=\"article\" \/>\n<meta property=\"og:title\" content=\"Celebramos nuestro Comit\u00e9 Comercial (Marzo 2022)\" \/>\n<meta property=\"og:description\" content=\"Este jueves 24 de marzo, hemos celebrado nuestro Comit\u00e9 Comercial, y en esta ocasi\u00f3n nos hemos trasladado a las instalaciones de nuestros compa\u00f1eros de Avilesa para aprovechar al m\u00e1ximo la jornada.\" \/>\n<meta property=\"og:url\" content=\"https:\/\/pujante.eliosoft.com\/en\/comite-comercial-pujante-marzo-2022\/\" \/>\n<meta property=\"og:site_name\" content=\"Pujante\" \/>\n<meta property=\"article:published_time\" content=\"2022-03-25T08:48:40+00:00\" \/>\n<meta property=\"article:modified_time\" content=\"2022-03-25T08:49:21+00:00\" \/>\n<meta property=\"og:image\" content=\"https:\/\/pujante.eliosoft.com\/wp-content\/uploads\/comite-comercial-marzo-2022.jpg\" \/>\n\t<meta property=\"og:image:width\" content=\"1500\" \/>\n\t<meta property=\"og:image:height\" content=\"830\" \/>\n\t<meta property=\"og:image:type\" content=\"image\/jpeg\" \/>\n<meta name=\"author\" content=\"Catalina\" \/>\n<meta name=\"twitter:card\" content=\"summary_large_image\" \/>\n<meta name=\"twitter:creator\" content=\"@andres\" \/>\n<meta name=\"twitter:label1\" content=\"Written by\" \/>\n\t<meta name=\"twitter:data1\" content=\"Catalina\" \/>\n\t<meta name=\"twitter:label2\" content=\"Est. reading time\" \/>\n\t<meta name=\"twitter:data2\" content=\"1 minute\" \/>\n<script type=\"application\/ld+json\" class=\"yoast-schema-graph\">{\"@context\":\"https:\/\/schema.org\",\"@graph\":[{\"@type\":\"WebPage\",\"@id\":\"https:\/\/pujante.eliosoft.com\/comite-comercial-pujante-marzo-2022\/\",\"url\":\"https:\/\/pujante.eliosoft.com\/comite-comercial-pujante-marzo-2022\/\",\"name\":\"Celebramos nuestro Comit\u00e9 Comercial (Marzo 2022)\",\"isPartOf\":{\"@id\":\"https:\/\/pujante.eliosoft.com\/#website\"},\"primaryImageOfPage\":{\"@id\":\"https:\/\/pujante.eliosoft.com\/comite-comercial-pujante-marzo-2022\/#primaryimage\"},\"image\":{\"@id\":\"https:\/\/pujante.eliosoft.com\/comite-comercial-pujante-marzo-2022\/#primaryimage\"},\"thumbnailUrl\":\"https:\/\/pujante.eliosoft.com\/wp-content\/uploads\/comite-comercial-marzo-2022.jpg\",\"datePublished\":\"2022-03-25T08:48:40+00:00\",\"dateModified\":\"2022-03-25T08:49:21+00:00\",\"author\":{\"@id\":\"https:\/\/pujante.eliosoft.com\/#\/schema\/person\/54abf98d6d192e46e1d9b087bbe3c02a\"},\"description\":\"Este jueves 24 de marzo, hemos celebrado nuestro Comit\u00e9 Comercial, y en esta ocasi\u00f3n nos hemos trasladado a las instalaciones de nuestros compa\u00f1eros de Avilesa para aprovechar al m\u00e1ximo la jornada.\",\"breadcrumb\":{\"@id\":\"https:\/\/pujante.eliosoft.com\/comite-comercial-pujante-marzo-2022\/#breadcrumb\"},\"inLanguage\":\"en-US\",\"potentialAction\":[{\"@type\":\"ReadAction\",\"target\":[\"https:\/\/pujante.eliosoft.com\/comite-comercial-pujante-marzo-2022\/\"]}]},{\"@type\":\"ImageObject\",\"inLanguage\":\"en-US\",\"@id\":\"https:\/\/pujante.eliosoft.com\/comite-comercial-pujante-marzo-2022\/#primaryimage\",\"url\":\"https:\/\/pujante.eliosoft.com\/wp-content\/uploads\/comite-comercial-marzo-2022.jpg\",\"contentUrl\":\"https:\/\/pujante.eliosoft.com\/wp-content\/uploads\/comite-comercial-marzo-2022.jpg\",\"width\":1500,\"height\":830},{\"@type\":\"BreadcrumbList\",\"@id\":\"https:\/\/pujante.eliosoft.com\/comite-comercial-pujante-marzo-2022\/#breadcrumb\",\"itemListElement\":[{\"@type\":\"ListItem\",\"position\":1,\"name\":\"Portada\",\"item\":\"https:\/\/pujante.eliosoft.com\/\"},{\"@type\":\"ListItem\",\"position\":2,\"name\":\"Comit\u00e9 Comercial Pujante (Marzo de 2022)\"}]},{\"@type\":\"WebSite\",\"@id\":\"https:\/\/pujante.eliosoft.com\/#website\",\"url\":\"https:\/\/pujante.eliosoft.com\/\",\"name\":\"Pujante\",\"description\":\"El \u00fanico pollo nacido y criado en la Regi\u00f3n de Murcia\",\"potentialAction\":[{\"@type\":\"SearchAction\",\"target\":{\"@type\":\"EntryPoint\",\"urlTemplate\":\"https:\/\/pujante.eliosoft.com\/?s={search_term_string}\"},\"query-input\":{\"@type\":\"PropertyValueSpecification\",\"valueRequired\":true,\"valueName\":\"search_term_string\"}}],\"inLanguage\":\"en-US\"},{\"@type\":\"Person\",\"@id\":\"https:\/\/pujante.eliosoft.com\/#\/schema\/person\/54abf98d6d192e46e1d9b087bbe3c02a\",\"name\":\"Catalina\",\"image\":{\"@type\":\"ImageObject\",\"inLanguage\":\"en-US\",\"@id\":\"https:\/\/pujante.eliosoft.com\/#\/schema\/person\/image\/\",\"url\":\"https:\/\/secure.gravatar.com\/avatar\/bfefd85fcdaf00205a5f3fc10adcd7b2?s=96&d=mm&r=g\",\"contentUrl\":\"https:\/\/secure.gravatar.com\/avatar\/bfefd85fcdaf00205a5f3fc10adcd7b2?s=96&d=mm&r=g\",\"caption\":\"Catalina\"},\"sameAs\":[\"https:\/\/x.com\/andres\"],\"url\":\"https:\/\/pujante.eliosoft.com\/en\/author\/u5zgcw14\/\"}]}<\/script>\n<!-- \/ Yoast SEO plugin. -->","yoast_head_json":{"title":"Celebramos nuestro Comit\u00e9 Comercial (Marzo 2022)","description":"Este jueves 24 de marzo, hemos celebrado nuestro Comit\u00e9 Comercial, y en esta ocasi\u00f3n nos hemos trasladado a las instalaciones de nuestros compa\u00f1eros de Avilesa para aprovechar al m\u00e1ximo la jornada.","robots":{"index":"noindex","follow":"follow","max-snippet":"max-snippet:-1","max-image-preview":"max-image-preview:large","max-video-preview":"max-video-preview:-1"},"og_locale":"en_US","og_type":"article","og_title":"Celebramos nuestro Comit\u00e9 Comercial (Marzo 2022)","og_description":"Este jueves 24 de marzo, hemos celebrado nuestro Comit\u00e9 Comercial, y en esta ocasi\u00f3n nos hemos trasladado a las instalaciones de nuestros compa\u00f1eros de Avilesa para aprovechar al m\u00e1ximo la jornada.","og_url":"https:\/\/pujante.eliosoft.com\/en\/comite-comercial-pujante-marzo-2022\/","og_site_name":"Pujante","article_published_time":"2022-03-25T08:48:40+00:00","article_modified_time":"2022-03-25T08:49:21+00:00","og_image":[{"width":1500,"height":830,"url":"https:\/\/pujante.eliosoft.com\/wp-content\/uploads\/comite-comercial-marzo-2022.jpg","type":"image\/jpeg"}],"author":"Catalina","twitter_card":"summary_large_image","twitter_creator":"@andres","twitter_misc":{"Written by":"Catalina","Est. reading time":"1 minute"},"schema":{"@context":"https:\/\/schema.org","@graph":[{"@type":"WebPage","@id":"https:\/\/pujante.eliosoft.com\/comite-comercial-pujante-marzo-2022\/","url":"https:\/\/pujante.eliosoft.com\/comite-comercial-pujante-marzo-2022\/","name":"Celebramos nuestro Comit\u00e9 Comercial (Marzo 2022)","isPartOf":{"@id":"https:\/\/pujante.eliosoft.com\/#website"},"primaryImageOfPage":{"@id":"https:\/\/pujante.eliosoft.com\/comite-comercial-pujante-marzo-2022\/#primaryimage"},"image":{"@id":"https:\/\/pujante.eliosoft.com\/comite-comercial-pujante-marzo-2022\/#primaryimage"},"thumbnailUrl":"https:\/\/pujante.eliosoft.com\/wp-content\/uploads\/comite-comercial-marzo-2022.jpg","datePublished":"2022-03-25T08:48:40+00:00","dateModified":"2022-03-25T08:49:21+00:00","author":{"@id":"https:\/\/pujante.eliosoft.com\/#\/schema\/person\/54abf98d6d192e46e1d9b087bbe3c02a"},"description":"Este jueves 24 de marzo, hemos celebrado nuestro Comit\u00e9 Comercial, y en esta ocasi\u00f3n nos hemos trasladado a las instalaciones de nuestros compa\u00f1eros de Avilesa para aprovechar al m\u00e1ximo la jornada.","breadcrumb":{"@id":"https:\/\/pujante.eliosoft.com\/comite-comercial-pujante-marzo-2022\/#breadcrumb"},"inLanguage":"en-US","potentialAction":[{"@type":"ReadAction","target":["https:\/\/pujante.eliosoft.com\/comite-comercial-pujante-marzo-2022\/"]}]},{"@type":"ImageObject","inLanguage":"en-US","@id":"https:\/\/pujante.eliosoft.com\/comite-comercial-pujante-marzo-2022\/#primaryimage","url":"https:\/\/pujante.eliosoft.com\/wp-content\/uploads\/comite-comercial-marzo-2022.jpg","contentUrl":"https:\/\/pujante.eliosoft.com\/wp-content\/uploads\/comite-comercial-marzo-2022.jpg","width":1500,"height":830},{"@type":"BreadcrumbList","@id":"https:\/\/pujante.eliosoft.com\/comite-comercial-pujante-marzo-2022\/#breadcrumb","itemListElement":[{"@type":"ListItem","position":1,"name":"Portada","item":"https:\/\/pujante.eliosoft.com\/"},{"@type":"ListItem","position":2,"name":"Comit\u00e9 Comercial Pujante (Marzo de 2022)"}]},{"@type":"WebSite","@id":"https:\/\/pujante.eliosoft.com\/#website","url":"https:\/\/pujante.eliosoft.com\/","name":"Pujante","description":"El \u00fanico pollo nacido y criado en la Regi\u00f3n de Murcia","potentialAction":[{"@type":"SearchAction","target":{"@type":"EntryPoint","urlTemplate":"https:\/\/pujante.eliosoft.com\/?s={search_term_string}"},"query-input":{"@type":"PropertyValueSpecification","valueRequired":true,"valueName":"search_term_string"}}],"inLanguage":"en-US"},{"@type":"Person","@id":"https:\/\/pujante.eliosoft.com\/#\/schema\/person\/54abf98d6d192e46e1d9b087bbe3c02a","name":"Catalina","image":{"@type":"ImageObject","inLanguage":"en-US","@id":"https:\/\/pujante.eliosoft.com\/#\/schema\/person\/image\/","url":"https:\/\/secure.gravatar.com\/avatar\/bfefd85fcdaf00205a5f3fc10adcd7b2?s=96&d=mm&r=g","contentUrl":"https:\/\/secure.gravatar.com\/avatar\/bfefd85fcdaf00205a5f3fc10adcd7b2?s=96&d=mm&r=g","caption":"Catalina"},"sameAs":["https:\/\/x.com\/andres"],"url":"https:\/\/pujante.eliosoft.com\/en\/author\/u5zgcw14\/"}]}},"_links":{"self":[{"href":"https:\/\/pujante.eliosoft.com\/en\/wp-json\/wp\/v2\/posts\/4843","targetHints":{"allow":["GET"]}}],"collection":[{"href":"https:\/\/pujante.eliosoft.com\/en\/wp-json\/wp\/v2\/posts"}],"about":[{"href":"https:\/\/pujante.eliosoft.com\/en\/wp-json\/wp\/v2\/types\/post"}],"author":[{"embeddable":true,"href":"https:\/\/pujante.eliosoft.com\/en\/wp-json\/wp\/v2\/users\/3"}],"replies":[{"embeddable":true,"href":"https:\/\/pujante.eliosoft.com\/en\/wp-json\/wp\/v2\/comments?post=4843"}],"version-history":[{"count":0,"href":"https:\/\/pujante.eliosoft.com\/en\/wp-json\/wp\/v2\/posts\/4843\/revisions"}],"wp:featuredmedia":[{"embeddable":true,"href":"https:\/\/pujante.eliosoft.com\/en\/wp-json\/wp\/v2\/media\/4860"}],"wp:attachment":[{"href":"https:\/\/pujante.eliosoft.com\/en\/wp-json\/wp\/v2\/media?parent=4843"}],"wp:term":[{"taxonomy":"category","embeddable":true,"href":"https:\/\/pujante.eliosoft.com\/en\/wp-json\/wp\/v2\/categories?post=4843"},{"taxonomy":"post_tag","embeddable":true,"href":"https:\/\/pujante.eliosoft.com\/en\/wp-json\/wp\/v2\/tags?post=4843"}],"curies":[{"name":"wp","href":"https:\/\/api.w.org\/{rel}","templated":true}]}}